{"id":760,"date":"2020-02-18T10:58:06","date_gmt":"2020-02-18T09:58:06","guid":{"rendered":"http:\/\/tousmaussanais.fr\/?p=760"},"modified":"2020-02-28T09:55:00","modified_gmt":"2020-02-28T08:55:00","slug":"quand-une-equipe-se-mobilise-pour-lenvironnement","status":"publish","type":"post","link":"https:\/\/tousmaussanais.fr\/?p=760","title":{"rendered":"Quand une \u00e9quipe se mobilise pour l\u2019ENVIRONNEMENT\u2026"},"content":{"rendered":"\n<p><strong>Ce dimanche matin de f\u00e9vrier, une partie de l\u2019\u00e9quipe TOUS MAUSSANAIS est partie en \u00abcampagne\u00bb de nettoyage !&nbsp;<\/strong><\/p>\n\n\n\n<div class=\"wp-block-image\"><figure class=\"aligncenter size-large is-resized\"><img loading=\"lazy\" src=\"http:\/\/tousmaussanais.fr\/wp-content\/uploads\/2020\/02\/Photo-recolte-recyclage.png\" alt=\"\" class=\"wp-image-778\" width=\"465\" height=\"250\" srcset=\"https:\/\/tousmaussanais.fr\/wp-content\/uploads\/2020\/02\/Photo-recolte-recyclage.png 1600w, https:\/\/tousmaussanais.fr\/wp-content\/uploads\/2020\/02\/Photo-recolte-recyclage-600x322.png 600w, https:\/\/tousmaussanais.fr\/wp-content\/uploads\/2020\/02\/Photo-recolte-recyclage-768x412.png 768w, https:\/\/tousmaussanais.fr\/wp-content\/uploads\/2020\/02\/Photo-recolte-recyclage-1536x825.png 1536w\" sizes=\"(max-width: 465px) 100vw, 465px\" \/><\/figure><\/div>\n\n\n\n<!--more-->\n\n\n\n<p>Maussane village, proches alentours ont \u00e9t\u00e9 pass\u00e9s au peigne fin pour constater que nombreuses sont encore <br>les \u00abincivilit\u00e9s\u00bb commises par&nbsp;certains. Ceux-ci pr\u00e9f\u00e8rent abandonner leurs d\u00e9tritus &#8211; voire m\u00eame leurs bidons d\u2019huile de vidange !!!- &nbsp;et d\u00e9grader leur village, plut\u00f4t que de les d\u00e9poser \u00e0 la d\u00e9chetterie de la Vall\u00e9e des Baux ! &nbsp;<br>Un \u00e9tat des&nbsp;lieux&nbsp;int\u00e9ressant pour l\u2019\u00e9quipe&nbsp;candidate \u00e0 la Mairie de Maussane qui&nbsp;parfait ainsi sa connaissance du&nbsp;territoire et de ses urgentes n\u00e9cessit\u00e9s !<\/p>\n","protected":false},"excerpt":{"rendered":"<p>Ce dimanche matin de f\u00e9vrier, une partie de l\u2019\u00e9quipe TOUS MAUSSANAIS est partie en \u00abcampagne\u00bb de nettoyage !&nbsp;<\/p>\n","protected":false},"author":1,"featured_media":0,"comment_status":"closed","ping_status":"open","sticky":false,"template":"","format":"standard","meta":[],"categories":[7],"tags":[],"jetpack_featured_media_url":"","_links":{"self":[{"href":"https:\/\/tousmaussanais.fr\/index.php?rest_route=\/wp\/v2\/posts\/760"}],"collection":[{"href":"https:\/\/tousmaussanais.fr\/index.php?rest_route=\/wp\/v2\/posts"}],"about":[{"href":"https:\/\/tousmaussanais.fr\/index.php?rest_route=\/wp\/v2\/types\/post"}],"author":[{"embeddable":true,"href":"https:\/\/tousmaussanais.fr\/index.php?rest_route=\/wp\/v2\/users\/1"}],"replies":[{"embeddable":true,"href":"https:\/\/tousmaussanais.fr\/index.php?rest_route=%2Fwp%2Fv2%2Fcomments&post=760"}],"version-history":[{"count":10,"href":"https:\/\/tousmaussanais.fr\/index.php?rest_route=\/wp\/v2\/posts\/760\/revisions"}],"predecessor-version":[{"id":994,"href":"https:\/\/tousmaussanais.fr\/index.php?rest_route=\/wp\/v2\/posts\/760\/revisions\/994"}],"wp:attachment":[{"href":"https:\/\/tousmaussanais.fr\/index.php?rest_route=%2Fwp%2Fv2%2Fmedia&parent=760"}],"wp:term":[{"taxonomy":"category","embeddable":true,"href":"https:\/\/tousmaussanais.fr\/index.php?rest_route=%2Fwp%2Fv2%2Fcategories&post=760"},{"taxonomy":"post_tag","embeddable":true,"href":"https:\/\/tousmaussanais.fr\/index.php?rest_route=%2Fwp%2Fv2%2Ftags&post=760"}],"curies":[{"name":"wp","href":"https:\/\/api.w.org\/{rel}","templated":true}]}}