{"id":1158,"date":"2021-01-25T10:57:27","date_gmt":"2021-01-25T09:57:27","guid":{"rendered":"https:\/\/tousmaussanais.fr\/?p=1158"},"modified":"2021-01-25T14:36:06","modified_gmt":"2021-01-25T13:36:06","slug":"culture-et-patrimoine","status":"publish","type":"post","link":"https:\/\/tousmaussanais.fr\/?p=1158","title":{"rendered":"Culture et patrimoine :  l&rsquo;opposition origine des id\u00e9es&#8230;."},"content":{"rendered":"\n<p><\/p>\n\n\n\n<p>Tous le le monde le sait la d\u00e9mocratie participative est \u00e0 la mode ! Ainsi le conseil municipal guid\u00e9 par son maire et ses adjoints a t&rsquo;il tr\u00e8s malicieusement int\u00e9gr\u00e9 des acteurs majeurs de l&rsquo;opposition dans ses \u00a0\u00bb comit\u00e9s de reflexion\u00a0\u00bb connaissant la richesse des propositions qui avaient \u00e9t\u00e9 formul\u00e9es lors de la campagne municipale par ces derniers.<\/p>\n\n\n\n<p>Bien s\u00fbr, l&rsquo;int\u00e9r\u00eat est d&rsquo;en faire profiter le village et tous les maussanais&#8230; C&rsquo;est pourquoi, chaque personnalit\u00e9 de notre groupe fait part lors des commissions de suggestions appropri\u00e9es \u00e0 chaque domaine&#8230;<\/p>\n\n\n\n<p>C\u00f4t\u00e9 culture, Pascale Linderme a effectu\u00e9 un travail de programmation et de reflexion que nous souhaitons publier ici &#8230; afin de rendre \u00e0 C\u00e9sar ce qui lui appartient&#8230;. Pourquoi ? Parce que les compte rendus de comit\u00e9s, ne citent jamais les auteurs de ces id\u00e9es&#8230; et mieux ont une f\u00e2cheuse tendance \u00e0 les attribuer aux \u00e9lus de la majorit\u00e9 !<\/p>\n\n\n\n<p><strong>Lors du rendez-vous comit\u00e9 culture \u201coption patrimoine\u201d &#8211; 02\/10\/20<\/strong><\/p>\n\n\n\n<p>&#8230;<strong>Pistes de reflexion communiqu\u00e9es \u00e0 la commission culture et patrimoine<\/strong><\/p>\n\n\n\n<p>Le code du Patrimoine d\u00e9finit le patrimoine comme des biens immobiliers ou mobiliers, de propri\u00e9t\u00e9 publique ou priv\u00e9e, qui pr\u00e9sentent un int\u00e9r\u00eat historique, artistique, arch\u00e9ologique, esth\u00e9tique, scientifique ou technique.<br>On peut souligner \u00e9galement le patrimoine humain, attach\u00e9 \u00e0 certains lieux du village, dont les personnages fameux qui ont fait partie de l\u2019histoire de Maussane et d\u2019autres\u2026 familles iconiques\u2026 Il est donc interessant d&rsquo;en tirer parti&#8230;Paul Blanchet, dit le sauvage, Emma Tessier dite Fortunette des Baux\u2026 cr\u00e9ent le lien avec les traditions et le patrimoine culturel dans sa globalit\u00e9<br><strong>Objectifs de cette d\u00e9marche<\/strong><br>\u2022 Mettre les richesses du patrimoine \u00e0 la disposition du plus grand nombre.<br>\u2022 Assurer le rayonnement du patrimoine, un ensemble diversifi\u00e9, lieu de rencontre et d\u2019\u00e9change, porteur du d\u00e9veloppement \u00e9conomique, touristique et local.<br>&#8211; Enrichir le parcours d\u00e9couverte con\u00e7u dans les \u201ccurieuses visites\u201d pour developper les nombreux points de d\u00e9couvertes \u00e0 signaler et illustrer.<br><\/p>\n\n\n\n<p>Identifier le patrimoine permet donc d\u2019attribuer une valeur \u00e0 certains \u00e9difices, confirmer des usages et l\u2019histoire d\u2019un village. Il int\u00e9resse autant les maussanais pour l\u2019am\u00e9lioration de leur cadre de vie que les visiteurs pour la d\u00e9couverte et la valorisation d\u2019un village \u201csingulier\u201d.<br>Au del\u00e0 des \u201cobjets\u201d \u00e0 remarquer, (par une signal\u00e9tique de qualit\u00e9, document\u00e9e et adapt\u00e9e), il faut \u00e9tablir une coh\u00e9rence entre l\u2019ensemble. Pour cela un cheminement est envisageable pour lequel sont \u00e0 \u00e9tudier : l\u2019accessibilit\u00e9, le volet ludique pour les enfants, le volet culturel pour les visiteurs et les maussanais\u2026 tout comme les abords de ces \u201c objets\u201d\u2026 Un sch\u00e9ma de pi\u00e9tonnisation doit se mettre en place, mat\u00e9rialisant des circuits s\u00e9curis\u00e9s et am\u00e9nag\u00e9s avec mobilier de repos, \u00e9clairage\u2026 et permettant \u00e0 tous sans discrimination de se d\u00e9placer dans le village sans risque \u00e0 la d\u00e9couverte de son histoire.<br><strong>Diagnostic<\/strong><br>L\u2019identification du petit patrimoine permet de se fonder sur un \u00e9tat initial \u00e0 prot\u00e9ger, \u00e0 mettre en valeur ou \u00e0 transformer. Il fait partie d\u2019un h\u00e9ritage intact ou am\u00e9lior\u00e9, \u00e0 transmettre aux g\u00e9n\u00e9rations futures et\/ou \u00e0 constituer pour l\u2019avenir. L\u2019ensemble du patrimoine b\u00e2ti et non b\u00e2ti contribue tr\u00e8s fortement \u00e0 l\u2019identit\u00e9 et \u00e0 la qualit\u00e9 du cadre de vie de Maussane. Le patrimoine b\u00e2ti notamment a \u00e9t\u00e9 parfois oubli\u00e9 voire menac\u00e9 de disparition, faute d\u2019usage et d\u2019attention.<br>De plus, les enjeux de protection et de mise en valeur du patrimoine h\u00e9rit\u00e9 sont \u00e0 croiser avec les enjeux de re-qualification et de dynamisation du village dans lequel le patrimoine prend place, le village et ses am\u00e9nagements autres , de fa\u00e7on \u00e0 ne pas figer cette \u00e9volution.<br><strong>M\u00e9thodologie<\/strong><br>\u2022 Penser \u00e0 consulter, concernant le patrimoine \u00abembl\u00e9matique\u00bb et b\u00e2ti, les conseils de professionnels .. La Direction r\u00e9gionale de l\u2019art et de la culture (DRAC)pour sa fonction de conseil et d\u2019expertise aupr\u00e8s des collectivit\u00e9s territoriales &#8211; Le Service territorial de l\u2019architecture et du patrimoine (STAP) et l\u2019Architecte des b\u00e2timents de France (ABF) &#8211; La R\u00e9gion charg\u00e9e d\u2019\u00e9tude et de protection du patrimoine &#8211; Le Conseil de l\u2019architecture, de l\u2019urbanisme et de l\u2019environnement (CAUE) acteur susceptible d\u2019appuyer la collectivit\u00e9 dans le recensement de son patrimoine.<br>\u2022 Penser \u00e0 int\u00e9grer dans cette reflexion, les habitants et les associations\u2026via un inventaire pr\u00e9cis, pour proposer ensuite une protection ad\u00e9quate.<br>Pour le patrimoine naturel dont la valeur est plus affective et propre \u00e0 l\u2019histoire du village les m\u00e9thodes participatives peuvent \u00eatre l\u2019occasion d\u2019associer les habitants au projet, les sensibiliser et conna\u00eetre leur ressenti pour savoir ce qui fait, selon eux, l\u2019h\u00e9ritage de Maussane. L\u2019association des seniors, via des ateliers en lien avec des animations inter-g\u00e9n\u00e9rationnelles, peuvent cr\u00e9er le passage de la \u00abm\u00e9moire du lieu\u00bb d\u2019une g\u00e9n\u00e9ration \u00e0 l\u2019autre.<\/p>\n\n\n\n<ul><li><\/li><\/ul>\n\n\n\n<figure class=\"wp-block-image size-large\"><img loading=\"lazy\" width=\"866\" height=\"1300\" src=\"https:\/\/tousmaussanais.fr\/wp-content\/uploads\/2021\/01\/71909974-portrait-noir-et-blanc-d-une-vieille-femme-personnes-a\u0302ge\u0301es-.jpg\" alt=\"\" class=\"wp-image-1164\" srcset=\"https:\/\/tousmaussanais.fr\/wp-content\/uploads\/2021\/01\/71909974-portrait-noir-et-blanc-d-une-vieille-femme-personnes-a\u0302ge\u0301es-.jpg 866w, https:\/\/tousmaussanais.fr\/wp-content\/uploads\/2021\/01\/71909974-portrait-noir-et-blanc-d-une-vieille-femme-personnes-a\u0302ge\u0301es--400x600.jpg 400w, https:\/\/tousmaussanais.fr\/wp-content\/uploads\/2021\/01\/71909974-portrait-noir-et-blanc-d-une-vieille-femme-personnes-a\u0302ge\u0301es--768x1153.jpg 768w\" sizes=\"(max-width: 866px) 100vw, 866px\" \/><\/figure>\n\n\n\n<p><br><strong>Quelques Suggestions<\/strong><\/p>\n\n\n\n<p>Des visites (th\u00e9\u00e2tralis\u00e9es) peuvent \u00eatre organis\u00e9es tout au long de l\u2019ann\u00e9e pour mieux connaitre les diff\u00e9rents noms de rue du village ainsi que les personnages importants de la commune \/ patrimoine humain (Emma Teissier, Paul Blanchet, Vernon Blake)<\/p>\n\n\n\n<p>Un travail sur la signal\u00e9tique, afin de valoriser les lieux et les personnages peut \u00eatre travaill\u00e9 en concertation avec d\u2019autres groupes de travail (travaux, tourisme)<\/p>\n\n\n\n<p>Un partenariat avec l\u2019association Terre des Baux peut \u00eatre envisag\u00e9 pour organiser ces visites.<\/p>\n\n\n\n<p> De plus, cette <strong>valorisation \u00ab\u00a0mat\u00e9rielle\u00a0\u00bb s&rsquo;accompagne d&rsquo;une valorisation des liens inter-g\u00e9n\u00e9rationnels<\/strong> via les anecdotes du pass\u00e9 racont\u00e9es par nos anciens&#8230; et recueillies par les adolescents du village lors d&rsquo;entretiens en num\u00e9rique ou pr\u00e9sentiel&#8230; selon situation sanitaire.<\/p>\n\n\n\n<figure class=\"wp-block-image size-large\"><img loading=\"lazy\" width=\"1600\" height=\"1054\" src=\"https:\/\/tousmaussanais.fr\/wp-content\/uploads\/2021\/01\/2017-04-28-22-32-27-1600x1054.jpg\" alt=\"\" class=\"wp-image-1162\" srcset=\"https:\/\/tousmaussanais.fr\/wp-content\/uploads\/2021\/01\/2017-04-28-22-32-27-1600x1054.jpg 1600w, https:\/\/tousmaussanais.fr\/wp-content\/uploads\/2021\/01\/2017-04-28-22-32-27-600x395.jpg 600w, https:\/\/tousmaussanais.fr\/wp-content\/uploads\/2021\/01\/2017-04-28-22-32-27-768x506.jpg 768w, https:\/\/tousmaussanais.fr\/wp-content\/uploads\/2021\/01\/2017-04-28-22-32-27-1536x1011.jpg 1536w, https:\/\/tousmaussanais.fr\/wp-content\/uploads\/2021\/01\/2017-04-28-22-32-27.jpg 1824w\" sizes=\"(max-width: 1600px) 100vw, 1600px\" \/><\/figure>\n\n\n\n<p><strong>Cette d\u00e9marche peut \u00eatre li\u00e9e \u00e0 la r\u00e9alisation de photographies de ces anciens et \u00e0 mettre en relation sur le terrain avec des \u00ab\u00a0lieux\u00a0\u00bb et le petit patrimoine du village&#8230;<\/strong><br>Concr\u00e8tement la d\u00e9marche doit \u00eatre enrichie et mat\u00e9rialis\u00e9e par un document de d\u00e9couverte, guide de parcours et d\u2019une carte illustrant ce petit patrimoine b\u00e2ti dans l\u2019ensemble du village.<br><strong>Financements<\/strong><br>La R\u00e9gion met en \u0153uvre des dispositifs d\u2019aide et peut, parfois, assurer le financement d\u2019\u00e9tudes pr\u00e9alables pour la r\u00e9alisation d\u2019Aire de mise en valeur du patrimoine (AVAP).<br><strong>De plus<\/strong><br>Concernant les labels Villes et Pays d\u2019art et d\u2019histoire, le minist\u00e8re de la Culture et de la Communication apporte un soutien aux collectivit\u00e9s locales.<br>Outre un accompagnement financier pendant les cinq premi\u00e8res ann\u00e9es de la convention, il se traduit par des formations \u00e0 l\u2019intention des animateurs de l\u2019architecture et du patrimoine et des guides-conf\u00e9renciers, un appui \u00e0 la r\u00e9alisation de documents d\u2019information, d\u2019expositions et d\u2019outils p\u00e9dagogiques<\/p>\n\n\n\n<p><\/p>\n","protected":false},"excerpt":{"rendered":"<p>Tous le le monde le sait la d\u00e9mocratie participative est \u00e0 la mode ! Ainsi le conseil municipal guid\u00e9 par son maire et ses adjoints a t&rsquo;il tr\u00e8s malicieusement int\u00e9gr\u00e9 des acteurs majeurs de l&rsquo;opposition dans ses \u00a0\u00bb comit\u00e9s de reflexion\u00a0\u00bb connaissant la richesse des propositions qui avaient \u00e9t\u00e9 formul\u00e9es lors de la campagne municipale [&hellip;]<\/p>\n","protected":false},"author":1,"featured_media":1166,"comment_status":"closed","ping_status":"open","sticky":true,"template":"","format":"standard","meta":[],"categories":[8],"tags":[],"jetpack_featured_media_url":"https:\/\/tousmaussanais.fr\/wp-content\/uploads\/2021\/01\/intergenerationnel1-1024x682-1.jpg","_links":{"self":[{"href":"https:\/\/tousmaussanais.fr\/index.php?rest_route=\/wp\/v2\/posts\/1158"}],"collection":[{"href":"https:\/\/tousmaussanais.fr\/index.php?rest_route=\/wp\/v2\/posts"}],"about":[{"href":"https:\/\/tousmaussanais.fr\/index.php?rest_route=\/wp\/v2\/types\/post"}],"author":[{"embeddable":true,"href":"https:\/\/tousmaussanais.fr\/index.php?rest_route=\/wp\/v2\/users\/1"}],"replies":[{"embeddable":true,"href":"https:\/\/tousmaussanais.fr\/index.php?rest_route=%2Fwp%2Fv2%2Fcomments&post=1158"}],"version-history":[{"count":8,"href":"https:\/\/tousmaussanais.fr\/index.php?rest_route=\/wp\/v2\/posts\/1158\/revisions"}],"predecessor-version":[{"id":1170,"href":"https:\/\/tousmaussanais.fr\/index.php?rest_route=\/wp\/v2\/posts\/1158\/revisions\/1170"}],"wp:featuredmedia":[{"embeddable":true,"href":"https:\/\/tousmaussanais.fr\/index.php?rest_route=\/wp\/v2\/media\/1166"}],"wp:attachment":[{"href":"https:\/\/tousmaussanais.fr\/index.php?rest_route=%2Fwp%2Fv2%2Fmedia&parent=1158"}],"wp:term":[{"taxonomy":"category","embeddable":true,"href":"https:\/\/tousmaussanais.fr\/index.php?rest_route=%2Fwp%2Fv2%2Fcategories&post=1158"},{"taxonomy":"post_tag","embeddable":true,"href":"https:\/\/tousmaussanais.fr\/index.php?rest_route=%2Fwp%2Fv2%2Ftags&post=1158"}],"curies":[{"name":"wp","href":"https:\/\/api.w.org\/{rel}","templated":true}]}}